{"id":29,"count":15,"description":"Le monde s'\u00e9tend derri\u00e8re la fen\u00eatre. Souvenez-vous de ces instants, ou vous vous sentiez seul, ou vous aviez honte, ou vous r\u00eaviez d'ailleurs, ou votre \u0153il, captait la lumi\u00e8re du soleil d\u00e9clinant pour fuir notre r\u00e9alit\u00e9. Pour s'\u00e9vader, on regarde par la fen\u00eatre. Pas par la porte, car celle-ci nous ram\u00e8ne dans le monde r\u00e9el, mais bien par la fen\u00eatre, ces carreaux \u00e0 travers lesquels notre ombre se d\u00e9tache.\r\nJe me suis arr\u00eat\u00e9e sur la surface qui nous permet \u00e0 la fois de voir et en m\u00eame temps perturbe notre vision. \r\nJ'ai ainsi cr\u00e9\u00e9 une collection de mati\u00e8res translucides, qui pour moi racontent mes sentiments, mes impressions, qui repr\u00e9sente \u00e0 la fois une barri\u00e8re mais aussi un passage  vers un ailleurs encore flou.","link":"https:\/\/lauracarlu.org.tf\/?cat=29","name":"Look outside","slug":"lookoutside","taxonomy":"category","parent":0,"meta":[],"_links":{"self":[{"href":"https:\/\/lauracarlu.org.tf\/index.php?rest_route=\/wp\/v2\/categories\/29","targetHints":{"allow":["GET"]}}],"collection":[{"href":"https:\/\/lauracarlu.org.tf\/index.php?rest_route=\/wp\/v2\/categories"}],"about":[{"href":"https:\/\/lauracarlu.org.tf\/index.php?rest_route=\/wp\/v2\/taxonomies\/category"}],"wp:post_type":[{"href":"https:\/\/lauracarlu.org.tf\/index.php?rest_route=%2Fwp%2Fv2%2Fposts&categories=29"}],"curies":[{"name":"wp","href":"https:\/\/api.w.org\/{rel}","templated":true}]}}